{"id":32064,"date":"2026-01-10T15:20:07","date_gmt":"2026-01-10T14:20:07","guid":{"rendered":"https:\/\/wham-vintage.com\/?p=32064"},"modified":"2026-01-10T15:20:18","modified_gmt":"2026-01-10T14:20:18","slug":"%f0%9f%8c%9e-badalona-volvera-a-leer-en-voz-alta-las-bibliotecas-se-preparan-para-reabrir-y-mientras-tanto-los-libros-siguen-vivos-en-la-ciudad","status":"publish","type":"post","link":"https:\/\/wham-vintage.com\/ca\/%f0%9f%8c%9e-badalona-volvera-a-leer-en-voz-alta-las-bibliotecas-se-preparan-para-reabrir-y-mientras-tanto-los-libros-siguen-vivos-en-la-ciudad\/","title":{"rendered":"\ud83c\udf1e Badalona tornar\u00e0 a llegir en veu alta: les biblioteques es preparen per reobrir\u2026 i mentrestant, els llibres segueixen vius a la ciutat"},"content":{"rendered":"\n<p>Durante semanas, Badalona ha vivido un peque\u00f1o apag\u00f3n cultural: dos de las seis bibliotecas municipales han tenido que cerrar temporalmente por problemas de climatizaci\u00f3n. Un contratiempo que ha dejado a muchos lectores hu\u00e9rfanos de su refugio habitual, especialmente en estos meses en los que una buena historia es casi una necesidad b\u00e1sica.<\/p>\n\n\n\n<p>La buena noticia \u2014porque la hay\u2014 es que <strong><a href=\"https:\/\/www.elperiodico.com\/es\/barcelona\/20260109\/problemas-climatizacion-edificios-publicos-badalona-cierran-dos-de-las-seis-bibliotecas-125529458\">todo apunta a que la reapertura est\u00e1 cerca<\/a><\/strong>. Los trabajos avanzan, el Ayuntamiento ha reconocido la urgencia y la ciudad entera espera recuperar pronto esos espacios donde estudiar, descubrir autores nuevos o simplemente desconectar entre estanter\u00edas.<\/p>\n\n\n\n<p>Pero mientras las puertas vuelven a abrirse, <strong>la lectura en Badalona no se detiene<\/strong>.<\/p>\n\n\n\n<h2 id=\"%25f0%259f%2593%259a-badalona-sigue-teniendo-libros-para-todos-los-gustos\" class=\"wp-block-heading\">\ud83d\udcda Badalona sigue teniendo libros para todos los gustos<\/h2>\n\n\n\n<p>En esta pausa obligada, muchos lectores han buscado alternativas para seguir alimentando su pasi\u00f3n. Y aqu\u00ed es donde la ciudad demuestra que su tejido cultural es m\u00e1s fuerte de lo que parece:<\/p>\n\n\n\n<ul class=\"wp-block-list has-medium-font-size\">\n<li><strong>Re-Read Badalona<\/strong> (Francesc Layret, 30) sigue siendo un para\u00edso para quienes devoran libros sin miedo a mancharse los dedos de tinta. Literatura contempor\u00e1nea, cl\u00e1sicos, ensayo, novela negra, infantil\u2026 todo a precios que permiten llevarse tres libros sin pesta\u00f1ear.<\/li>\n\n\n\n<li><strong>Wham! Music &amp; Vintage Store<\/strong>, (Sagunt, 95) adem\u00e1s de vinilos, CDs y tesoros retro, mantiene una selecci\u00f3n de libros que mezcla rarezas, ediciones curiosas, cultura pop, m\u00fasica, arte y peque\u00f1as joyas que no encuentras en las grandes cadenas.<\/li>\n<\/ul>\n\n\n\n<p>Porque s\u00ed: <strong>en Badalona se puede seguir leyendo sin arruinarse<\/strong>, incluso cuando las bibliotecas est\u00e1n en pausa.<\/p>\n\n\n\n<h2 id=\"%25f0%259f%2592%259b-una-ciudad-que-necesita-sus-bibliotecas-y-que-las-espera-con-ganas\" class=\"wp-block-heading\">\ud83d\udc9b Una ciudad que necesita sus bibliotecas\u2026 y que las espera con ganas<\/h2>\n\n\n\n<p>Las bibliotecas no son solo edificios: son puntos de encuentro, lugares seguros, motores de igualdad cultural. Su cierre temporal ha recordado lo esenciales que son para estudiantes, familias, jubilados, curiosos y lectores empedernidos.<\/p>\n\n\n\n<p>Por eso, cuando vuelvan a abrir \u2014y todo indica que ser\u00e1 pronto\u2014, lo har\u00e1n con una ciudad entera esper\u00e1ndolas.<\/p>\n\n\n\n<p>Mientras tanto, <strong>la lectura sigue viva en cada rinc\u00f3n<\/strong>, en cada libro que cambia de manos, en cada historia que se rescata de una estanter\u00eda de segunda mano, en cada persona que entra en Wham! o Re-Read buscando algo que le remueva por dentro.<\/p>\n\n\n\n<h2 id=\"%25f0%259f%2593%2596-si-eres-lector-badalona-te-sigue-cuidando\" class=\"wp-block-heading\">\ud83d\udcd6 Si eres lector, Badalona te sigue cuidando<\/h2>\n\n\n\n<p>Si echas de menos las bibliotecas, si necesitas una nueva lectura, si quieres descubrir algo distinto\u2026 <strong>p\u00e1sate por Wham! o por Re-Read Badalona<\/strong>. Aqu\u00ed seguimos defendiendo la cultura accesible, el placer de leer y el gusto por las historias que te acompa\u00f1an toda la vida.<\/p>\n\n\n\n<p>Las bibliotecas volver\u00e1n.<br>La lectura nunca se ha ido.<\/p>\n\n\n<style>\n    div[style*=\"position\"][aria-label] {\n        border: 2px solid tomato;\n        padding:0;\n        overflow:visible!important;\n        max-width:48px!important;\n        max-height:48px!important;\n        background-size:cover!important;\n    }\n    div[style*=\"position\"][aria-label] img,\n    div[style*=\"position\"][aria-label]>*{\n        margin:0;\n        white-space: nowrap;\n        width:100%;\n        height:auto;\n    }\n    div[style*=\"position\"][aria-label]::after {\n        content:\"\";\n        position:absolute;\n        display:block;\n        width:0;\n        height:0;\n        border-style:solid;\n        border-color:tomato transparent transparent transparent;\n        border-width:7px;\n        left:0;right:0;\n        top:100%;bottom:auto;\n        margin:0 auto;\n    }\n<\/style>\n<section class=\"map-block alignfull\" style=\"margin:30px 0;min-height:500px;background:silver\">\n    <div class=\"acf-map\" data-zoom=\"7\"  style=\"margin:0;min-height:500px;background:silver\">\n\n\n                        <div class=\"marker\" data-marker data-title=\"Re-Read Badalona\" data-icon=\"https:\/\/wham-vintage.com\/wp-content\/uploads\/2025\/06\/re.png\"\n                    data-lat=\"41.4496529\" data-lng=\"2.2468189\">\n                    <p style=\"max-width:250px;margin:0 0 10px!important\"><strong>Re-Read Badalona<\/strong><br>\n                    Re-Read, Carrer de Francesc Layret, Badalona, Espa\u00f1a<\/p>\n                    <div style=\"max-width:250px;font-size:0.75rem;margin:0 0 10px!important\">\n                                            <\/div>\n                <\/div>\n                                <div class=\"marker\" data-marker data-title=\"Wham! Music &#038; Vintage Books and Recordstore\" data-icon=\"https:\/\/wham-vintage.com\/wp-content\/uploads\/2025\/05\/wham-icon-2.jpg\"\n                    data-lat=\"41.4420207\" data-lng=\"2.240888\">\n                    <p style=\"max-width:250px;margin:0 0 10px!important\"><strong>Wham! Music &#038; Vintage Books and Recordstore<\/strong><br>\n                    08912 Badalona, Espa\u00f1a<\/p>\n                    <div style=\"max-width:250px;font-size:0.75rem;margin:0 0 10px!important\">\n                        <!-- wp:paragraph -->\n<p>Tienda de m\u00fasica coleccionismo y vintage con much\u00edsimos libros, comics, discos y objetos retro de colecci\u00f3n. <strong>S\u00d3LO VENTA ONLINE &#8211;<\/strong> TIENDA F\u00cdSICA CERRADA, ALMACEN Y OFICINA EN BADALONA<\/p>\n<!-- \/wp:paragraph -->\n\n<!-- wp:paragraph -->\n<p><\/p>\n<!-- \/wp:paragraph -->                    <\/div>\n                <\/div>\n                                <div class=\"marker\" data-marker data-title=\"Libros gratis Plaza de Pep Ventura\" data-icon=\"https:\/\/wham-vintage.com\/wp-content\/uploads\/2025\/05\/L2_barcelona.svg.png\"\n                    data-lat=\"41.444592216768\" data-lng=\"2.2387218475342\">\n                    <p style=\"max-width:250px;margin:0 0 10px!important\"><strong>Libros gratis Plaza de Pep Ventura<\/strong><br>\n                    Avinguda del Marqu\u00e8s de Mont-Roig, 10, 08912 Badalona, Barcelona, Espa\u00f1a<\/p>\n                    <div style=\"max-width:250px;font-size:0.75rem;margin:0 0 10px!important\">\n                        <!-- wp:paragraph -->\n<p>Libros gratis frente a la salida del metro c\/Alfons XXIII<\/p>\n<!-- \/wp:paragraph -->                    <\/div>\n                <\/div>\n                                <div class=\"marker\" data-marker data-title=\"El Viajero BDN\" data-icon=\"https:\/\/wham-vintage.com\/wp-content\/uploads\/2025\/05\/el-viajero-bdn-logo.jpeg\"\n                    data-lat=\"41.4455015\" data-lng=\"2.243774\">\n                    <p style=\"max-width:250px;margin:0 0 10px!important\"><strong>El Viajero BDN<\/strong><br>\n                    Carrer de Guifr\u00e9, 107, 08912 Badalona, Barcelona, Espa\u00f1a<\/p>\n                    <div style=\"max-width:250px;font-size:0.75rem;margin:0 0 10px!important\">\n                        <!-- wp:paragraph -->\n<p>El Viajero es una tienda de ocio y librer\u00eda especializada en juegos de mesa, tablero y cartas, cultura japonesa y manga, y libros de literatura fant\u00e1stica. Gran selecci\u00f3n de art\u00edculos e ideas para regalos.<\/p>\n<!-- \/wp:paragraph -->\n\n<!-- wp:paragraph -->\n<p>La decoraci\u00f3n y ambientaci\u00f3n del establecimiento son espectaculares, con especial menci\u00f3n del arco sci-fi que divide la tienda, su mostrador japon\u00e9s al fondo junto a la secci\u00f3n manga, y su zona de juego donde imparten talleres, partidas y formaci\u00f3n de arte y pintura de miniaturas. Una pasada, mucho amor por sus tem\u00e1ticas.<\/p>\n<!-- \/wp:paragraph -->\n\n<!-- wp:paragraph -->\n<p><\/p>\n<!-- \/wp:paragraph -->                    <\/div>\n                <\/div>\n                                <div class=\"marker\" data-marker data-title=\"Mercat Torner\" data-icon=\"https:\/\/wham-vintage.com\/wp-content\/uploads\/2025\/05\/mercat-torner.jpg\"\n                    data-lat=\"41.4448378\" data-lng=\"2.2411281\">\n                    <p style=\"max-width:250px;margin:0 0 10px!important\"><strong>Mercat Torner<\/strong><br>\n                    Mercat Municipal Torner (Pla\u00e7a Nova), Carrer de G\u00fcell i Ferrer, s\/n, 08912 Badalona, Barcelona, Espa\u00f1a<\/p>\n                    <div style=\"max-width:250px;font-size:0.75rem;margin:0 0 10px!important\">\n                        <!-- wp:paragraph -->\n<p>Dentro del Mercat torner adem\u00e1s de que las paradas que quedan son preciosas y tienen g\u00e9nero de calidad, hay un punto de libros amigos, donde se hacen donaciones. \u00a1Libros antiguos y otros no tanto!<\/p>\n<!-- \/wp:paragraph -->                    <\/div>\n                <\/div>\n                                <div class=\"marker\" data-marker data-title=\"Centre Comercial Montigal\u00e0\" data-icon=\"https:\/\/wham-vintage.com\/wp-content\/uploads\/2025\/06\/images-montigala.png\"\n                    data-lat=\"41.4568297\" data-lng=\"2.2287093\">\n                    <p style=\"max-width:250px;margin:0 0 10px!important\"><strong>Centre Comercial Montigal\u00e0<\/strong><br>\n                    Centro Comercial Montigal\u00e0, Passeig Olof Palme, Badalona, Espa\u00f1a<\/p>\n                    <div style=\"max-width:250px;font-size:0.75rem;margin:0 0 10px!important\">\n                        <!-- wp:paragraph -->\n<p>Justo en la entrada a Carrefour teneis al lado un punto de intercambio de libros<\/p>\n<!-- \/wp:paragraph -->                    <\/div>\n                <\/div>\n                                <div class=\"marker\" data-marker data-title=\"Estaci\u00f3n de cercan\u00edas RENFE de Badalona\" data-icon=\"https:\/\/wham-vintage.com\/wp-content\/uploads\/2025\/09\/logo-renfe-honest.webp\"\n                    data-lat=\"41.4471723\" data-lng=\"2.247895\">\n                    <p style=\"max-width:250px;margin:0 0 10px!important\"><strong>Estaci\u00f3n de cercan\u00edas RENFE de Badalona<\/strong><br>\n                    Estaci\u00f3 Rodalies, Badalona, Espa\u00f1a<\/p>\n                    <div style=\"max-width:250px;font-size:0.75rem;margin:0 0 10px!important\">\n                        <!-- wp:paragraph -->\n<p>M\u00e1s ant\u00edgua que la primera gala de OT, -bastante m\u00e1s- te deja justo en el centro y frente mar\u00edtimo, y a 5 minutos del Metro L2 Badalona Pompeu Fabra. A diario desembarcan aqu\u00ed 25 millones de personas.<\/p>\n<!-- \/wp:paragraph -->                    <\/div>\n                <\/div>\n                                <div class=\"marker\" data-marker data-title=\"Metro Badalona-Pompeu Fabra L2\" data-icon=\"https:\/\/wham-vintage.com\/wp-content\/uploads\/2025\/05\/L2_barcelona.svg.png\"\n                    data-lat=\"41.4491978\" data-lng=\"2.2435939\">\n                    <p style=\"max-width:250px;margin:0 0 10px!important\"><strong>Metro Badalona-Pompeu Fabra L2<\/strong><br>\n                    Metro Badalona Pompeu Fabra, Badalona, Espa\u00f1a<\/p>\n                    <div style=\"max-width:250px;font-size:0.75rem;margin:0 0 10px!important\">\n                                            <\/div>\n                <\/div>\n                                <div class=\"marker\" data-marker data-title=\"Metro L2 Pep Ventura\" data-icon=\"https:\/\/wham-vintage.com\/wp-content\/uploads\/2025\/05\/L2_barcelona.svg.png\"\n                    data-lat=\"41.444269\" data-lng=\"2.2381569\">\n                    <p style=\"max-width:250px;margin:0 0 10px!important\"><strong>Metro L2 Pep Ventura<\/strong><br>\n                    Pep Ventura, Badalona, Espa\u00f1a<\/p>\n                    <div style=\"max-width:250px;font-size:0.75rem;margin:0 0 10px!important\">\n                                            <\/div>\n                <\/div>\n                    <\/div>\n<\/section>\n<script loading=\"async\" \n    src=\"https:\/\/maps.googleapis.com\/maps\/api\/js?key=AIzaSyALkR51QxDkWe4TzrAtdgv-tMwlgl8tyQ8&#038;callback=Function.prototype&#038;v=3\"><\/script>\n<script type=\"text\/javascript\">\n    (function ($) {\n\n        \/**\n         * initMap\n         *\n         * Renders a Google Map onto the selected jQuery element\n         *\n         * @date    22\/10\/19\n         * @since   5.8.6\n         *\n         * @param   jQuery $el The jQuery element.\n         * @return  object The map instance.\n         *\/\n        function initMap($el) {\n\n            \/\/ Find marker elements within map.\n            var $markers = $el.find('.marker');\n\n            \/\/ Create gerenic map.\n            var mapArgs = {\n                zoom: $el.data('zoom') || 7,\n                mapTypeId: google.maps.MapTypeId.ROADMAP,\n                disableDefaultUI: true,\n                style:\n\n                    [\n                        {\n                            \"featureType\": \"all\",\n                            \"elementType\": \"labels.text\",\n                            \"stylers\": [\n                                {\n                                    \"color\": \"#878787\"\n                                }\n                            ]\n                        },\n                        {\n                            \"featureType\": \"all\",\n                            \"elementType\": \"labels.text.stroke\",\n                            \"stylers\": [\n                                {\n                                    \"visibility\": \"off\"\n                                }\n                            ]\n                        },\n                        {\n                            \"featureType\": \"landscape\",\n                            \"elementType\": \"all\",\n                            \"stylers\": [\n                                {\n                                    \"color\": \"#f9f5ed\"\n                                }\n                            ]\n                        },\n                        {\n                            \"featureType\": \"road.highway\",\n                            \"elementType\": \"all\",\n                            \"stylers\": [\n                                {\n                                    \"color\": \"#f5f5f5\"\n                                }\n                            ]\n                        },\n                        {\n                            \"featureType\": \"road.highway\",\n                            \"elementType\": \"geometry.stroke\",\n                            \"stylers\": [\n                                {\n                                    \"color\": \"#c9c9c9\"\n                                }\n                            ]\n                        },\n                        {\n                            \"featureType\": \"water\",\n                            \"elementType\": \"all\",\n                            \"stylers\": [\n                                {\n                                    \"color\": \"#aee0f4\"\n                                }\n                            ]\n                        }\n                    ]\n\n\n\n            };\n            var map = new google.maps.Map($el[0], mapArgs);\n\n            \/\/ Add markers.\n            map.markers = [];\n            $markers.each(function () {\n                initMarker($(this), map);\n            });\n\n            \/\/ Center map based on markers.\n            centerMap(map);\n\n            \/\/ Return map instance.\n            return map;\n        }\n\n        \/**\n         * initMarker\n         *\n         * Creates a marker for the given jQuery element and map.\n         *\n         * @date    22\/10\/19\n         * @since   5.8.6\n         *\n         * @param   jQuery $el The jQuery element.\n         * @param   object The map instance.\n         * @return  object The marker instance.\n         *\/\n        function initMarker($marker, map) {\n\n            \/\/ Get position from marker.\n            var title = $marker.data('title');\n            var lat = $marker.data('lat');\n            var lng = $marker.data('lng');\n            var latLng = {\n                lat: parseFloat(lat),\n                lng: parseFloat(lng)\n            };\n            var icono = $marker.data('icon');\n\n            \/\/ Create marker instance.\n            var marker = new google.maps.Marker({\n                position: latLng,\n                map: map,\n                title: title,\n                icon: {\n                    url: icono,\n                    scaledSize: new google.maps.Size(50, 50)\n                }\n            });\n\n            \/\/ Append to reference for later use.\n            map.markers.push(marker);\n\n            \/\/ If marker contains HTML, add it to an infoWindow.\n            if ($marker.html()) {\n\n                \/\/ Create info window.\n                var infowindow = new google.maps.InfoWindow({\n                    content: $marker.html()\n                });\n\n                \/\/ Show info window when marker is clicked.\n                google.maps.event.addListener(marker, 'click', function () {\n                    infowindow.open(map, marker);\n                });\n            }\n        }\n\n        \/**\n         * centerMap\n         *\n         * Centers the map showing all markers in view.\n         *\n         * @date    22\/10\/19\n         * @since   5.8.6\n         *\n         * @param   object The map instance.\n         * @return  void\n         *\/\n        function centerMap(map) {\n\n            \/\/ Create map boundaries from all map markers.\n            var bounds = new google.maps.LatLngBounds();\n            map.markers.forEach(function (marker) {\n                bounds.extend({\n                    lat: marker.position.lat(),\n                    lng: marker.position.lng()\n                });\n            });\n\n            \/\/ Case: Single marker.\n            if (map.markers.length == 1) {\n                map.setCenter(bounds.getCenter());\n\n                \/\/ Case: Multiple markers.\n            } else {\n                map.fitBounds(bounds);\n            }\n        }\n\n        \/\/ Render maps on page load.\n        $(document).ready(function () {\n            $('.acf-map').each(function () {\n                var map = initMap($(this));\n            });\n        });\n\n    })(jQuery);\n<\/script>","protected":false},"excerpt":{"rendered":"<p>Durante semanas, Badalona ha vivido un peque\u00f1o apag\u00f3n cultural: dos de las seis bibliotecas municipales han tenido que cerrar temporalmente por problemas de climatizaci\u00f3n. Un contratiempo que ha dejado a muchos lectores hu\u00e9rfanos de su refugio habitual, especialmente en estos meses en los que una buena historia es casi una necesidad b\u00e1sica. La buena noticia [&hellip;]<\/p>\n","protected":false},"author":1,"featured_media":32065,"comment_status":"closed","ping_status":"closed","sticky":false,"template":"","format":"standard","meta":{"_acf_changed":false,"_relevanssi_hide_post":"","_relevanssi_pin_for_all":"","_relevanssi_pin_keywords":"","_relevanssi_unpin_keywords":"","_relevanssi_related_keywords":"","_relevanssi_related_include_ids":"","_relevanssi_related_exclude_ids":"","_relevanssi_related_no_append":"","_relevanssi_related_not_related":"","_relevanssi_related_posts":"7100,7836,6987,4783,6607,6406","_relevanssi_noindex_reason":"","footnotes":""},"categories":[229,27],"tags":[],"class_list":["post-32064","post","type-post","status-publish","format-standard","has-post-thumbnail","hentry","category-badalona-progres-comercios-gente","category-libro-de-ocasion"],"acf":[],"_links":{"self":[{"href":"https:\/\/wham-vintage.com\/ca\/wp-json\/wp\/v2\/posts\/32064","targetHints":{"allow":["GET"]}}],"collection":[{"href":"https:\/\/wham-vintage.com\/ca\/wp-json\/wp\/v2\/posts"}],"about":[{"href":"https:\/\/wham-vintage.com\/ca\/wp-json\/wp\/v2\/types\/post"}],"author":[{"embeddable":true,"href":"https:\/\/wham-vintage.com\/ca\/wp-json\/wp\/v2\/users\/1"}],"replies":[{"embeddable":true,"href":"https:\/\/wham-vintage.com\/ca\/wp-json\/wp\/v2\/comments?post=32064"}],"version-history":[{"count":0,"href":"https:\/\/wham-vintage.com\/ca\/wp-json\/wp\/v2\/posts\/32064\/revisions"}],"wp:featuredmedia":[{"embeddable":true,"href":"https:\/\/wham-vintage.com\/ca\/wp-json\/wp\/v2\/media\/32065"}],"wp:attachment":[{"href":"https:\/\/wham-vintage.com\/ca\/wp-json\/wp\/v2\/media?parent=32064"}],"wp:term":[{"taxonomy":"category","embeddable":true,"href":"https:\/\/wham-vintage.com\/ca\/wp-json\/wp\/v2\/categories?post=32064"},{"taxonomy":"post_tag","embeddable":true,"href":"https:\/\/wham-vintage.com\/ca\/wp-json\/wp\/v2\/tags?post=32064"}],"curies":[{"name":"wp","href":"https:\/\/api.w.org\/{rel}","templated":true}]}}